{"id":102912,"date":"2026-02-18T11:42:10","date_gmt":"2026-02-18T11:42:10","guid":{"rendered":"https:\/\/securitylab.amnesty.org\/fr\/?p=102912"},"modified":"2026-03-18T11:48:49","modified_gmt":"2026-03-18T11:48:49","slug":"angola-le-logiciel-espion-predator-a-permis-de-prendre-pour-cible-un-journaliste-de-renom","status":"publish","type":"post","link":"https:\/\/securitylab.amnesty.org\/fr\/latest\/2026\/02\/angola-le-logiciel-espion-predator-a-permis-de-prendre-pour-cible-un-journaliste-de-renom\/","title":{"rendered":"Angola. Le logiciel espion Predator a permis de prendre pour cible un journaliste de renom"},"content":{"rendered":"\n<p>Une nouvelle\u00a0<a href=\"https:\/\/securitylab.amnesty.org\/latest\/2026\/02\/journalism-under-attack-predator-spyware-in-angola\/\" target=\"_blank\" rel=\"noreferrer noopener\">enqu\u00eate<\/a>\u00a0men\u00e9e par Amnesty International a \u00e9tabli que le logiciel espion Predator a \u00e9t\u00e9 utilis\u00e9 en 2024 contre Teixeira\u00a0C\u00e2ndido, journaliste angolais de renom, militant en faveur de la libert\u00e9 de la presse, juriste et ancien secr\u00e9taire g\u00e9n\u00e9ral du Syndicat des journalistes angolais (SJA).<\/p>\n\n\n\n<p>Predator est un logiciel espion hautement intrusif infectant les t\u00e9l\u00e9phones portables, d\u00e9velopp\u00e9 et vendu par Intellexa \u2013\u00a0une entreprise \u00e0 la logique mercenaire, sp\u00e9cialis\u00e9e dans les logiciels espions\u00a0-, destin\u00e9 \u00e0 \u00eatre utilis\u00e9 par des gouvernements dans le cadre d\u2019op\u00e9rations de surveillance. Il s\u2019agit de la premi\u00e8re confirmation, s\u2019appuyant sur des indices techniques, de son utilisation en Angola.<\/p>\n\n\n\n<p>\u00ab\u00a0Quand je pense que j\u2019ai \u00e9t\u00e9 la cible d\u2019une intrusion dans ma vie priv\u00e9e, je me sens nu. Je ne sais pas de quelles informations ils disposent sur ma vie. [\u2026] D\u00e9sormais, je ne fais et ne dis que ce qui est essentiel. Je ne fais pas confiance \u00e0 mes appareils. J\u2019\u00e9change de la correspondance, mais je n\u2019\u00e9voque pas de questions personnelles sur mes appareils. Je me sens tr\u00e8s limit\u00e9\u00a0\u00bb, a d\u00e9clar\u00e9 Teixeira\u00a0C\u00e2ndido.<\/p>\n\n\n\n<p>Le cas de Teixeira&nbsp;C\u00e2ndido a \u00e9t\u00e9 r\u00e9v\u00e9l\u00e9 par une enqu\u00eate plus large sur les menaces relatives \u00e0 la surveillance en Angola, initialement men\u00e9e tout au long de l\u2019ann\u00e9e 2025 par&nbsp;<a href=\"https:\/\/friendsofangola.org\/\" target=\"_blank\" rel=\"noreferrer noopener\">Friends of Angola<\/a>&nbsp;et&nbsp;<a href=\"https:\/\/www.frontlinedefenders.org\/\" target=\"_blank\" rel=\"noreferrer noopener\">Front Line Defenders<\/a>.<\/p>\n\n\n\n<p>Cette attaque au logiciel espion perp\u00e9tr\u00e9e en 2024 en Angola est l\u2019un des derniers cas en date confirmant l\u2019utilisation de Predator, avec l\u2019<a href=\"https:\/\/securitylab.amnesty.org\/latest\/2025\/12\/intellexa-leaks-predator-spyware-operations-exposed\/\" target=\"_blank\" rel=\"noreferrer noopener\">attaque de 2025 contre un avocat d\u00e9fenseur des droits humains dans la province pakistanaise du Baloutchistan<\/a>, fournissant de nouvelles informations selon lesquelles Intellexa et son syst\u00e8me de logiciel espion sont rest\u00e9s op\u00e9rationnels jusqu\u2019en 2025 et dans des pays qui n\u2019avaient pas \u00e9t\u00e9 identifi\u00e9s jusqu\u2019\u00e0 pr\u00e9sent.\u00a0Si ces recherches ont \u00e9tabli de mani\u00e8re incontestable que le logiciel espion Predator a \u00e9t\u00e9 utilis\u00e9, Amnesty International ne peut attribuer ces attaques \u00e0 des gouvernements sp\u00e9cifiques.<\/p>\n\n\n<blockquote class=\"blockquote is-lined\"><p><strong>Quand je pense que j\u2019ai \u00e9t\u00e9 la cible d\u2019une intrusion dans ma vie priv\u00e9e, je me sens nu. Je ne sais pas de quelles informations ils disposent sur ma vie. [\u2026] D\u00e9sormais, je ne fais et ne dis que ce qui est essentiel. Je ne fais pas confiance \u00e0 mes appareils. J\u2019\u00e9change de la correspondance, mais je n\u2019\u00e9voque pas de questions personnelles sur mes appareils. Je me sens tr\u00e8s limit\u00e9<\/strong><\/p>\n<cite>Teixeira\u00a0C\u00e2ndido<\/cite><\/blockquote>\n\n\n<p>Predator, le logiciel espion d\u2019Intellexa, continue \u00e0 contribuer \u00e0 une surveillance ill\u00e9gale malgr\u00e9 des\u00a0<a href=\"https:\/\/www.amnesty.org\/frdocuments\/act10\/7245\/2023\/fr\/\" target=\"_blank\" rel=\"noreferrer noopener\">r\u00e9v\u00e9lations publiques<\/a>\u00a0r\u00e9p\u00e9t\u00e9es, des\u00a0<a href=\"https:\/\/www.business-humanrights.org\/en\/latest-news\/executives-face-trial-over-greeces-predator-spyware-scandal\/\" target=\"_blank\" rel=\"noreferrer noopener\">enqu\u00eates criminelles<\/a>\u00a0en cours, et des\u00a0<a href=\"https:\/\/home.treasury.gov\/news\/press-releases\/jy2155\" target=\"_blank\" rel=\"noreferrer noopener\">sanctions<\/a>\u00a0visant cette entreprise et ses dirigeants.<\/p>\n\n\n\n<p>Outre le fait qu\u2019il ait \u00e9t\u00e9 vis\u00e9 par un logiciel espion, Teixeira C\u00e2ndido a \u00e9t\u00e9 la victime de plusieurs attaques et actes d\u2019intimidation depuis 2022, notamment des entr\u00e9es par effraction inexpliqu\u00e9es \u00e0 son bureau. <\/p>\n\n\n\n<p>D\u2019avril \u00e0 juin 2024, au cours de ses derniers mois en tant que secr\u00e9taire g\u00e9n\u00e9ral du SJA, Teixeira C\u00e2ndido a re\u00e7u une s\u00e9rie de messages Whatsapp depuis un num\u00e9ro angolais inconnu sur son iPhone. L\u2019exp\u00e9diteur utilisait un nom angolais commun pour son compte Whatsapp et affirmait appartenir \u00e0 un groupe d\u2019\u00e9tudiants int\u00e9ress\u00e9s par les affaires sociales et \u00e9conomiques du pays. Apr\u00e8s une p\u00e9riode initiale visant \u00e0 \u00e9tablir une relation, l\u2019agresseur a envoy\u00e9 un lien malveillant de Predator le 3\u00a0mai \u00e0 16\u00a0h\u00a018 heure locale, destin\u00e9 \u00e0 infecter le t\u00e9l\u00e9phone du journaliste.\u00a0Cela a continu\u00e9 pendant des mois, l\u2019agresseur envoyant d\u2019autres liens malveillants, chacun semblant mener \u00e0 des articles de presse et des sites Internet paraissant authentiques. Des messages additionnels l\u2019encourageaient \u00e0 cliquer sur ces liens.<\/p>\n\n\n\n<p>Le 4\u00a0mai 2024, Teixeira C\u00e2ndido semble avoir ouvert un lien malveillant, ce qui aurait permis d\u2019infecter son t\u00e9l\u00e9phone avec le logiciel espion Predator.\u00a0Une fois le logiciel install\u00e9, l\u2019agresseur a \u00e9t\u00e9 en mesure d\u2019obtenir un acc\u00e8s sans restriction \u00e0 l\u2019iPhone de Teixeira C\u00e2ndido.<\/p>\n\n\n\n<p>Le Security Lab d\u2019Amnesty International a analys\u00e9 le t\u00e9l\u00e9phone de Teixeira C\u00e2ndido et a relev\u00e9 des indices techniques de communications entre r\u00e9seaux, effectu\u00e9s par le logiciel espion le 4\u00a0mai, confirmant que Predator \u00e9tait install\u00e9 et fonctionnait sur le t\u00e9l\u00e9phone du journaliste ce jour-l\u00e0.\u00a0Ces traces, ainsi que des domaines connus pour avoir \u00e9t\u00e9 utilis\u00e9s par Predator dans les liens ayant rendu l\u2019infection possible, permettent d\u2019attribuer cette attaque \u00e0 Predator et Intellexa.<\/p>\n\n\n\n<p>L\u2019infection sur le t\u00e9l\u00e9phone de Teixeira C\u00e2ndido semble avoir \u00e9t\u00e9 supprim\u00e9e lorsque le t\u00e9l\u00e9phone a \u00e9t\u00e9 red\u00e9marr\u00e9 le soir du 4\u00a0mai.\u00a0Entre le 4\u00a0mai et le 16\u00a0juin 2024, l\u2019agresseur a envoy\u00e9 11 autres liens de Predator, qui ont semble-t-il tous \u00e9chou\u00e9, peut-\u00eatre parce qu\u2019ils n\u2019ont pas \u00e9t\u00e9 ouverts.<\/p>\n\n\n\n<p>Des informations d\u00e9taill\u00e9es sur l\u2019attaque se trouvent dans la synth\u00e8se technique intitul\u00e9e\u00a0<a href=\"https:\/\/securitylab.amnesty.org\/latest\/2026\/02\/journalism-under-attack-predator-spyware-in-angola\/\" target=\"_blank\" rel=\"noreferrer noopener\"><em>Journalism under attack: Predator spyware in Angola<\/em><\/a>.<\/p>\n\n\n\n<p>Le logiciel espion Predator a \u00e9t\u00e9 utilis\u00e9 depuis au moins le d\u00e9but de l\u2019ann\u00e9e 2023 afin de prendre activement pour cible des personnes se trouvant en Angola.\u00a0Des chercheurs d\u2019Amnesty International estiment que la d\u00e9cision de viser Teixeira C\u00e2ndido s\u2019est certainement inscrite dans une campagne plus large d\u2019attaques utilisant des logiciels espions dans le pays.<\/p>\n\n\n<blockquote class=\"blockquote is-lined\"><p><strong>L\u2019analyse technique effectu\u00e9e par le Security Lab d\u2019Amnesty International a permis de d\u00e9terminer avec un degr\u00e9 \u00e9lev\u00e9 de certitude que ces liens malveillants sont associ\u00e9s au logiciel espion Predator d\u2019Intellexa, et ont caus\u00e9 au moins une infection av\u00e9r\u00e9e sur le t\u00e9l\u00e9phone de Teixeira C\u00e2ndido<\/strong><\/p>\n<cite>Carolina Rocha da Silva, responsable des op\u00e9rations au sein du Security Lab d\u2019Amnesty International<\/cite><\/blockquote>\n\n\n<p>\u00ab\u00a0L\u2019analyse technique effectu\u00e9e par le Security Lab d\u2019Amnesty International a permis de d\u00e9terminer avec un degr\u00e9 \u00e9lev\u00e9 de certitude que ces liens malveillants sont associ\u00e9s au logiciel espion Predator d\u2019Intellexa, et ont caus\u00e9 au moins une infection av\u00e9r\u00e9e sur le t\u00e9l\u00e9phone de Teixeira C\u00e2ndido\u00a0\u00bb, a d\u00e9clar\u00e9 Carolina Rocha da Silva, responsable des op\u00e9rations au sein du Security Lab d\u2019Amnesty International.<\/p>\n\n\n\n<p>L\u2019attaque au logiciel espion men\u00e9e contre Teixeira C\u00e2ndido est une grave violation de ses droits au respect de la vie priv\u00e9e et \u00e0 la libert\u00e9 d\u2019expression, qui ont eux-m\u00eames des r\u00e9percussions sur d\u2019autres droits tels que la libert\u00e9 d\u2019association et de r\u00e9union pacifique, ainsi qu\u2019<a href=\"https:\/\/www.amnesty.org\/fr\/documents\/doc10\/4491\/2021\/fr\/\" target=\"_blank\" rel=\"noreferrer noopener\">Amnesty International<\/a>&nbsp;l\u2019a signal\u00e9.&nbsp;Des attaques de ce type ont un effet paralysant sur la&nbsp;<a href=\"https:\/\/www.amnesty.org\/fr\/latest\/news\/2024\/12\/serbia-authorities-using-spyware-and-cellebrite-forensic-extraction-tools-to-hack-journalists-and-activists\/\" target=\"_blank\" rel=\"noreferrer noopener\">capacit\u00e9 des journalistes \u00e0 effectuer leur travail<\/a>.<\/p>\n\n\n\n<figure class=\"wp-block-image size-large\"><div style=\"position:relative\"><img loading=\"lazy\" decoding=\"async\" width=\"1024\" height=\"988\" src=\"https:\/\/securitylab.amnesty.org\/fr\/wp-content\/uploads\/sites\/8\/2026\/03\/IMG_2229-1-1024x988.jpg\" alt=\"\" class=\"aiic-ignore wp-image-102913\" srcset=\"https:\/\/securitylab.amnesty.org\/fr\/wp-content\/uploads\/sites\/8\/2026\/03\/IMG_2229-1-1024x988.jpg 1024w, https:\/\/securitylab.amnesty.org\/fr\/wp-content\/uploads\/sites\/8\/2026\/03\/IMG_2229-1-300x290.jpg 300w, https:\/\/securitylab.amnesty.org\/fr\/wp-content\/uploads\/sites\/8\/2026\/03\/IMG_2229-1-768x741.jpg 768w, https:\/\/securitylab.amnesty.org\/fr\/wp-content\/uploads\/sites\/8\/2026\/03\/IMG_2229-1-1536x1482.jpg 1536w, https:\/\/securitylab.amnesty.org\/fr\/wp-content\/uploads\/sites\/8\/2026\/03\/IMG_2229-1-622x600.jpg 622w, https:\/\/securitylab.amnesty.org\/fr\/wp-content\/uploads\/sites\/8\/2026\/03\/IMG_2229-1-734x708.jpg 734w, https:\/\/securitylab.amnesty.org\/fr\/wp-content\/uploads\/sites\/8\/2026\/03\/IMG_2229-1-75x72.jpg 75w, https:\/\/securitylab.amnesty.org\/fr\/wp-content\/uploads\/sites\/8\/2026\/03\/IMG_2229-1-149x144.jpg 149w, https:\/\/securitylab.amnesty.org\/fr\/wp-content\/uploads\/sites\/8\/2026\/03\/IMG_2229-1-60x58.jpg 60w, https:\/\/securitylab.amnesty.org\/fr\/wp-content\/uploads\/sites\/8\/2026\/03\/IMG_2229-1-120x116.jpg 120w, https:\/\/securitylab.amnesty.org\/fr\/wp-content\/uploads\/sites\/8\/2026\/03\/IMG_2229-1-200x193.jpg 200w, https:\/\/securitylab.amnesty.org\/fr\/wp-content\/uploads\/sites\/8\/2026\/03\/IMG_2229-1-400x386.jpg 400w, https:\/\/securitylab.amnesty.org\/fr\/wp-content\/uploads\/sites\/8\/2026\/03\/IMG_2229-1-260x251.jpg 260w, https:\/\/securitylab.amnesty.org\/fr\/wp-content\/uploads\/sites\/8\/2026\/03\/IMG_2229-1-520x502.jpg 520w, https:\/\/securitylab.amnesty.org\/fr\/wp-content\/uploads\/sites\/8\/2026\/03\/IMG_2229-1-325x314.jpg 325w, https:\/\/securitylab.amnesty.org\/fr\/wp-content\/uploads\/sites\/8\/2026\/03\/IMG_2229-1-650x627.jpg 650w, https:\/\/securitylab.amnesty.org\/fr\/wp-content\/uploads\/sites\/8\/2026\/03\/IMG_2229-1.jpg 1600w\" sizes=\"auto, (max-width: 1024px) 100vw, 1024px\" \/><\/div><figcaption class=\"wp-element-caption\">L\u2019\u00e9minent journaliste, juriste et militant pour la libert\u00e9 de la presse, Teixeira C\u00e2ndido<\/figcaption><\/figure>\n\n\n\n<p>Si cette enqu\u00eate \u00e9tablit de mani\u00e8re incontestable que le logiciel espion Predator a \u00e9t\u00e9 utilis\u00e9, Amnesty International ne peut attribuer cette attaque \u00e0 un gouvernement sp\u00e9cifique.<\/p>\n\n\n\n<p>Dans une\u00a0<a href=\"https:\/\/securitylab.amnesty.org\/latest\/2025\/12\/intellexa-leaks-predator-spyware-operations-exposed\/\" target=\"_blank\" rel=\"noreferrer noopener\">enqu\u00eate pr\u00e9c\u00e9dente<\/a>, Amnesty International a r\u00e9v\u00e9l\u00e9 qu\u2019une fois install\u00e9, le logiciel espion Predator pouvait obtenir un acc\u00e8s total aux donn\u00e9es stock\u00e9es sur l\u2019appareil d\u2019une cible ou transmises par celui-ci, notamment les applications de messagerie chiffr\u00e9es, les enregistrements audio, les courriels, la g\u00e9olocalisation de l\u2019appareil, les captures d\u2019\u00e9cran, les photos, les mots de passe enregistr\u00e9s, les contacts et le relev\u00e9 d\u2019appels. Il peut aussi activer le microphone.\u00a0Ce logiciel est con\u00e7u pour ne laisser aucune trace sur l\u2019appareil infect\u00e9, ce qui rend difficile toute forme de v\u00e9rification ind\u00e9pendante d\u2019un usage potentiellement abusif.\u00a0Ce type de logiciel espion hautement intrusif est fondamentalement incompatible avec les droits humains.<\/p>\n\n\n\n<p>Cette attaque est survenue avec en toile de fond\u00a0<a href=\"https:\/\/www.amnesty.org\/fr\/location\/africa\/southern-africa\/angola\/report-angola\/\" target=\"_blank\" rel=\"noreferrer noopener\">un environnement de plus en plus autoritaire en Angola<\/a>, sous l\u2019\u00e9gide du pr\u00e9sident Jo\u00e3o Louren\u00e7o, marqu\u00e9 par la\u00a0<a href=\"https:\/\/www.amnesty.org\/fr\/documents\/afr12\/8764\/2024\/en\/\" target=\"_blank\" rel=\"noreferrer noopener\">r\u00e9pression de manifestations pacifiques et la banalisation du recours \u00e0 une force excessive ou injustifi\u00e9e<\/a>,\u00a0<a href=\"https:\/\/www.amnesty.org\/fr\/location\/africa\/southern-africa\/angola\/report-angola\/\" target=\"_blank\" rel=\"noreferrer noopener\">des arrestations et d\u00e9tentions arbitraires, ainsi que des violations des droits humains en d\u00e9tention<\/a>, et des disparitions forc\u00e9es.<\/p>\n\n\n\n<p>Cette affaire souligne \u00e9galement que la commercialisation et l\u2019utilisation de technologies de surveillance sans garanties ad\u00e9quates continuent \u00e0 rendre des violations des droits humains possibles dans le monde.<\/p>\n\n\n\n<p>Dans une lettre adress\u00e9e le 27\u00a0janvier 2026 \u00e0 Intellexa, Amnesty International a d\u00e9crit les conclusions de l\u2019enqu\u00eate et demand\u00e9 des renseignements sur les proc\u00e9dures de cette soci\u00e9t\u00e9 concernant son obligation de vigilance. Aucune r\u00e9ponse n\u2019avait \u00e9t\u00e9 re\u00e7ue au moment de la publication de ce document.<\/p>\n\n\n\n<h2 class=\"wp-block-heading\"><strong>Compl\u00e9ment d\u2019information<\/strong><\/h2>\n\n\n\n<p>En d\u00e9cembre 2025, Amnesty International,\u00a0<a href=\"https:\/\/insidestory.gr\/article\/intellexa-leaks-nea-thymata-toy-predator-para-tis-amerikanikes-kyroseis?token=VvhXd6gD6X\" target=\"_blank\" rel=\"noreferrer noopener\">Inside Story<\/a>,\u00a0<a href=\"https:\/\/www.haaretz.com\/israel-news\/security-aviation\/2025-12-04\/ty-article-magazine\/.premium\/israeli-spyware-firm-intellexa-owned-by-ex-intel-officer-still-active-amid-us-sanctions\/0000019a-e3e8-db35-afbf-ebfcb8bb0000\" target=\"_blank\" rel=\"noreferrer noopener\">Haaretz<\/a>\u00a0et\u00a0<a href=\"https:\/\/www.inside-it.ch\/intellexa-leaks-beruechtigte-spionagefirma-weiterhin-aktiv-20251203\" target=\"_blank\" rel=\"noreferrer noopener\">WAV Research Collective<\/a>, ont publi\u00e9 les\u00a0<a href=\"https:\/\/securitylab.amnesty.org\/latest\/2025\/12\/intellexa-leaks-predator-spyware-operations-exposed\/\" target=\"_blank\" rel=\"noreferrer noopener\"><em>Intellexa Leaks<\/em><\/a>, qui ont r\u00e9v\u00e9l\u00e9 de nouveaux \u00e9l\u00e9ments sur les op\u00e9rations internes d\u2019Intellexa, et ont fait \u00e9tat d\u2019autres violations li\u00e9es \u00e0 Predator.<\/p>\n\n\n\n<p><strong>Ce communiqu\u00e9 de presse a \u00e9t\u00e9 publi\u00e9 initialement sur amnesty.org : <a href=\"https:\/\/www.amnesty.org\/fr\/latest\/news\/2026\/02\/angola-prominent-journalist-hacked-with-predator-spyware\/\">Angola. Le logiciel espion Predator a permis de prendre pour cible un journaliste de renom &#8211; Amnesty International<\/a><\/strong><\/p>\n","protected":false},"excerpt":{"rendered":"<p>Une nouvelle\u00a0enqu\u00eate\u00a0men\u00e9e par Amnesty International a \u00e9tabli que le logiciel espion Predator a \u00e9t\u00e9 utilis\u00e9 en 2024 contre Teixeira\u00a0C\u00e2ndido, journaliste angolais de renom, militant en faveur de la libert\u00e9 de la presse, juriste et ancien secr\u00e9taire g\u00e9n\u00e9ral du Syndicat des journalistes angolais (SJA). Predator est un logiciel espion hautement intrusif infectant les t\u00e9l\u00e9phones portables, d\u00e9velopp\u00e9 [&hellip;]<\/p>\n","protected":false},"featured_media":102911,"comment_status":"closed","ping_status":"closed","sticky":false,"template":"","format":"standard","meta":{"_yoast_wpseo_focuskw":"logiciel espion predator","_yoast_wpseo_title":"","_yoast_wpseo_metadesc":"Une nouvelle\u00a0enqu\u00eate\u00a0men\u00e9e par Amnesty International a \u00e9tabli que le logiciel espion Predator a \u00e9t\u00e9 utilis\u00e9 en 2024 contre Teixeira\u00a0C\u00e2ndido, journaliste angolais de renom, militant en faveur de la libert\u00e9 de la presse, juriste et ancien secr\u00e9taire g\u00e9n\u00e9ral du Syndicat des journalistes angolais (SJA).","_yoast_wpseo_meta-robots-noindex":"","_yoast_wpseo_meta-robots-nofollow":"","_yoast_wpseo_canonical":"","_yoast_wpseo_opengraph-title":"","_yoast_wpseo_opengraph-description":"","_yoast_wpseo_opengraph-image":"","_yoast_wpseo_opengraph-image-id":0,"_yoast_wpseo_twitter-title":"","_yoast_wpseo_twitter-description":"","_yoast_wpseo_twitter-image":"","_yoast_wpseo_twitter-image-id":0,"_hero_title":"","_hero_content":"","_hero_cta_text":"","_hero_cta_link":"","_hero_alignment":"","_hero_background":"","_hero_size":"","_hero_show":"","_hero_type":"","_hero_embed":"","_hero_video_id":0,"_hero_hide_image_caption":true,"_hero_hide_image_copyright":false,"_nav_style":"","_disable_share_icons":false,"_disable_sidebar":false,"_display_author_info":false,"_hide_featured_image":false,"_hide_featured_image_caption":true,"_maximize_post_content":false,"_reduce_content_width":false,"_sidebar_id":0,"_stretch_thumbnail":false,"byline_context":"","byline_entity":"","byline_is_author":false,"disable_related_content":false,"download_id":0,"download_text":"","show_published_date":true,"show_updated_date":true,"term_slider":"","amnesty_index_number":"","recipients":"","recipients_refresh":"","recipients_refreshed":"","amnesty_umbraco_data":"","document_ref":"","amnesty_updated":"","footnotes":""},"category":[1604],"location":[1611,1612],"topic":[1588,1584,1594,1608,1610],"class_list":["post-102912","post","type-post","status-publish","format-standard","has-post-thumbnail","hentry","category-communique-de-presse","location-afrique","location-angola","topic-censorship-and-freedom-of-expression","topic-human-rights-defenders-and-activists","topic-press-freedom","topic-logiciel-espion","topic-logiciel-espion-predator"],"datePosted":"f\u00e9vrier 18, 2026","mlpRelationships":{"1":195145,"4":99059,"8":102912},"_links":{"self":[{"href":"https:\/\/securitylab.amnesty.org\/fr\/wp-json\/wp\/v2\/posts\/102912","targetHints":{"allow":["GET"]}}],"collection":[{"href":"https:\/\/securitylab.amnesty.org\/fr\/wp-json\/wp\/v2\/posts"}],"about":[{"href":"https:\/\/securitylab.amnesty.org\/fr\/wp-json\/wp\/v2\/types\/post"}],"author":[{"embeddable":true,"href":"https:\/\/securitylab.amnesty.org\/fr\/wp-json\/wp\/v2\/users\/28"}],"replies":[{"embeddable":true,"href":"https:\/\/securitylab.amnesty.org\/fr\/wp-json\/wp\/v2\/comments?post=102912"}],"version-history":[{"count":0,"href":"https:\/\/securitylab.amnesty.org\/fr\/wp-json\/wp\/v2\/posts\/102912\/revisions"}],"wp:featuredmedia":[{"embeddable":true,"href":"https:\/\/securitylab.amnesty.org\/fr\/wp-json\/wp\/v2\/media\/102911"}],"wp:attachment":[{"href":"https:\/\/securitylab.amnesty.org\/fr\/wp-json\/wp\/v2\/media?parent=102912"}],"wp:term":[{"taxonomy":"category","embeddable":true,"href":"https:\/\/securitylab.amnesty.org\/fr\/wp-json\/wp\/v2\/category?post=102912"},{"taxonomy":"location","embeddable":true,"href":"https:\/\/securitylab.amnesty.org\/fr\/wp-json\/wp\/v2\/location?post=102912"},{"taxonomy":"topic","embeddable":true,"href":"https:\/\/securitylab.amnesty.org\/fr\/wp-json\/wp\/v2\/topic?post=102912"}],"curies":[{"name":"wp","href":"https:\/\/api.w.org\/{rel}","templated":true}]}}